{"id":11823,"date":"2025-07-31T15:35:56","date_gmt":"2025-07-31T19:35:56","guid":{"rendered":"https:\/\/new.ccteht.ca\/but-trafficking-doesnt-affect-me-why-it-actually-does\/"},"modified":"2025-12-02T14:57:32","modified_gmt":"2025-12-02T19:57:32","slug":"but-trafficking-doesnt-affect-me-why-it-actually-does","status":"publish","type":"post","link":"https:\/\/ccteht.ca\/fr\/but-trafficking-doesnt-affect-me-why-it-actually-does\/","title":{"rendered":"\u00ab Mais la traite des personnes, \u00e7a ne me concerne pas\u00a0\u00bb \u2013 Pourquoi c&rsquo;est faux"},"content":{"rendered":"\r\n<p>\r\n\r\n<\/p>\r\n<figure class=\"wp-block-image size-large\"><img loading=\"lazy\" decoding=\"async\" width=\"1024\" height=\"538\" class=\"wp-image-10976\" src=\"https:\/\/ccteht.ca\/wp-content\/uploads\/2025\/07\/but_trafficking_wp_f-1024x538.jpg\" alt=\"\u00ab Mais la traite des personnes, \u00e7a ne me concerne pas\u00a0\u00bb \u2013 Pourquoi c'est faux\" srcset=\"https:\/\/ccteht.ca\/wp-content\/uploads\/2025\/07\/but_trafficking_wp_f-1024x538.jpg 1024w, https:\/\/ccteht.ca\/wp-content\/uploads\/2025\/07\/but_trafficking_wp_f-300x158.jpg 300w, https:\/\/ccteht.ca\/wp-content\/uploads\/2025\/07\/but_trafficking_wp_f-768x403.jpg 768w, https:\/\/ccteht.ca\/wp-content\/uploads\/2025\/07\/but_trafficking_wp_f.jpg 1200w\" sizes=\"auto, (max-width: 1024px) 100vw, 1024px\" \/><\/figure>\r\n<p>\r\n\r\n<\/p>\r\n<p>La traite des personnes est souvent per\u00e7ue comme un probl\u00e8me qui touche d&rsquo;autres personnes, ailleurs. En r\u00e9alit\u00e9, c&rsquo;est un probl\u00e8me qui est plus proche de nous qu&rsquo;on ne le croit. Qu&rsquo;il s&rsquo;agisse de sant\u00e9 publique, d&rsquo;\u00e9conomie, de s\u00e9curit\u00e9 dans nos collectivit\u00e9s ou de droits fondamentaux de la personne, la traite des personnes nous concerne toutes et tous. Voici cinq raisons pour lesquelles cette question m\u00e9rite l&rsquo;attention de nous tous.<\/p>\r\n<p>\r\n\r\n<\/p>\r\n<p><strong>1. La traite des personnes est un enjeu de sant\u00e9 publique<\/strong><\/p>\r\n<p>\r\n\r\n<\/p>\r\n<p>Les survivant\u00b7e\u00b7s sont souvent confront\u00e9\u00b7e\u00b7s \u00e0 de graves probl\u00e8mes de sant\u00e9 physique et mentale en raison des conditions auxquelles ils\u00b7elles ont \u00e9t\u00e9 soumis\u00b7es. Les blessures non soign\u00e9es, la malnutrition, la toxicomanie et les maladies chroniques sont courantes. Il en va de m\u00eame pour les s\u00e9quelles \u00e0 long terme, comme l&rsquo;anxi\u00e9t\u00e9, la d\u00e9pression et le syndrome de stress post-traumatique. Ces difficult\u00e9s ne sont pas isol\u00e9es : elles touchent les familles, mettent \u00e0 rude \u00e9preuve les relations et exercent une pression suppl\u00e9mentaire sur les syst\u00e8mes de sant\u00e9, les services d&rsquo;urgence et les services de soutien communautaire. Lorsque la traite n&rsquo;est pas pr\u00e9venue, ce sont des communaut\u00e9s enti\u00e8res qui en paient le prix.<\/p>\r\n<p>\r\n\r\n<\/p>\r\n<p><strong>2. La pr\u00e9vention sauve des vies \u2013 et permet d&rsquo;\u00e9conomiser de l&rsquo;argent<\/strong><\/p>\r\n<p>\r\n\r\n<\/p>\r\n<p>L&rsquo;aide aux survivant\u00b7e\u00b7s n\u00e9cessite souvent un large \u00e9ventail de services : logement, soins de sant\u00e9, soutien psychologique, aide juridique et formation professionnelle. Ces mesures de soutien sont essentielles, car elles aident les personnes \u00e0 reconstruire leur vie apr\u00e8s avoir subi des pr\u00e9judices inimaginables. Cependant, ils n\u00e9cessitent des ressources importantes et n&rsquo;interviennent souvent qu&rsquo;apr\u00e8s que quelqu&rsquo;un a \u00e9t\u00e9 exploit\u00e9.<\/p>\r\n<p>\r\n\r\n<\/p>\r\n<p>En investissant dans l&rsquo;\u00e9ducation, la sensibilisation et le soutien aux personnes \u00e0 risque, nous contribuons \u00e0 mettre fin \u00e0 la traite avant qu&rsquo;elle ne commence. Ce n&rsquo;est pas seulement la bonne chose \u00e0 faire, c&rsquo;est aussi la plus intelligente.<\/p>\r\n<p>\r\n\r\n<\/p>\r\n<p><strong>3. La traite des personnes peut toucher n&rsquo;importe qui<\/strong><\/p>\r\n<p>\r\n\r\n<\/p>\r\n<p>L&rsquo;un des mythes les plus tenaces au sujet de la traite est qu&rsquo;elle ne touche que certaines cat\u00e9gories de personnes. Cependant, les trafiquants ne font pas de discrimination ; ils exploitent des personnes de tous les milieux socio-\u00e9conomiques, y compris celles issues de foyers stables et de quartiers ais\u00e9s. Bien que personne ne soit vraiment \u00e0 l&rsquo;abri, la traite \u00e0 des fins sexuelles touche de mani\u00e8re disproportionn\u00e9e les femmes, les filles et les personnes de divers genres, en particulier les femmes et les filles autochtones et les personnes bispirituelles.<\/p>\r\n<p>\r\n\r\n<\/p>\r\n<p>Reconna\u00eetre que la traite peut toucher n&rsquo;importe qui peut contribuer \u00e0 lutter contre les st\u00e9r\u00e9otypes nuisibles et encourager les gens \u00e0 jouer un r\u00f4le actif dans les efforts de pr\u00e9vention.<\/p>\r\n<p>\r\n\r\n<\/p>\r\n<p><strong>4. La traite nuit aux communaut\u00e9s, et les trafiquants restent souvent impunis<\/strong><\/p>\r\n<p>\r\n\r\n<\/p>\r\n<p>La traite n&rsquo;est pas un crime isol\u00e9. Les trafiquants sont souvent impliqu\u00e9s dans le trafic de drogue, le commerce ill\u00e9gal d&rsquo;armes, la fraude financi\u00e8re, le blanchiment d&rsquo;argent et d&rsquo;autres formes de crime organis\u00e9. Les communaut\u00e9s les plus touch\u00e9es par la traite sont plus susceptibles de voir augmenter ces crimes connexes.<\/p>\r\n<p>\r\n\r\n<\/p>\r\n<p>Si ce sont les victimes qui souffrent le plus, les trafiquants, eux, \u00e9chappent rarement \u00e0 la justice. <a href=\"https:\/\/www150.statcan.gc.ca\/n1\/daily-quotidien\/241101\/dq241101a-fra.htm\"><u>Selon Statistique Canada,<\/u><\/a> seulement 10 % des cas de traite des personnes au Canada aboutissent \u00e0 une condamnation. Par cons\u00e9quent, de nombreux trafiquants restent dans nos communaut\u00e9s, toujours \u00e0 l&rsquo;aff\u00fbt de nouvelles personnes \u00e0 exploiter.<\/p>\r\n<p>\r\n\r\n<\/p>\r\n<p>En soutenant les efforts de lutte contre la traite des personnes, vous n&rsquo;aidez pas seulement les survivant\u00b7e\u00b7s, vous contribuez \u00e9galement \u00e0 rendre nos communaut\u00e9s plus s\u00fbres.<\/p>\r\n<p>\r\n\r\n<\/p>\r\n<p><strong>5. C&rsquo;est une question de droits de la personne<\/strong><\/p>\r\n<p>\r\n\r\n<\/p>\r\n<p>\u00c0 la base, la traite des personnes est une violation des droits fondamentaux de la personne. Les survivant\u00b7e\u00b7s, dont beaucoup ont \u00e9t\u00e9 contraint\u00b7e\u00b7s, manipul\u00e9\u00b7e\u00b7s ou soumis\u00b7e\u00b7s \u00e0 la coercition, sont souvent victimes de jugements s\u00e9v\u00e8res et de stigmatisation. Mais personne ne choisit d&rsquo;\u00eatre victime de la traite, personne ne m\u00e9rite d&rsquo;\u00eatre exploit\u00e9 et personne ne devrait \u00eatre trait\u00e9 comme un \u00eatre inf\u00e9rieur en raison de ce qu&rsquo;il a endur\u00e9.<\/p>\r\n<p>\r\n\r\n<\/p>\r\n<p>D\u00e9fendre les droits et la dignit\u00e9 des survivant\u00b7e\u00b7s n&rsquo;est pas facultatif, cela refl\u00e8te le type de soci\u00e9t\u00e9 que nous choisissons d&rsquo;\u00eatre.<\/p>\r\n<p>\r\n\r\n<\/p>\r\n<p><strong>Conclusion<\/strong><\/p>\r\n<p>\r\n\r\n<\/p>\r\n<p>Il est facile de n\u00e9gliger un probl\u00e8me social lorsque nous pensons qu&rsquo;il ne nous concerne pas. Cependant, la traite des personnes touche tous les aspects de la soci\u00e9t\u00e9, met \u00e0 rude \u00e9preuve les syst\u00e8mes de sant\u00e9, menace la s\u00e9curit\u00e9 publique et viole les droits fondamentaux de la personne dont nous jouissons toutes et tous.<\/p>\r\n<p>\r\n\r\n<\/p>\r\n<p>Loin d&rsquo;\u00eatre un probl\u00e8me lointain, la traite des personnes touche toutes les communaut\u00e9s, grandes et petites, partout au Canada. Et bien que ses r\u00e9percussions soient vastes, les voix les plus importantes dans ce travail sont celles des survivant\u00b7e\u00b7s.<\/p>\r\n<p>\r\n\r\n<\/p>\r\n<p>En \u00e9coutant les survivant\u00b7e\u00b7s, en soutenant leur leadership et en prenant des mesures significatives, nous pouvons nous rapprocher de la construction d&rsquo;un pays o\u00f9 personne n&rsquo;est exploit\u00e9 et o\u00f9 personne n&rsquo;est laiss\u00e9 pour compte.<\/p>\r\n<p>\r\n\r\n<\/p>\r\n<p><em>Pour en savoir plus sur la traite des personnes et sur la mani\u00e8re d&rsquo;en reconna\u00eetre les signes, consultez le site <a href=\"https:\/\/www.canadianhumantraffickinghotline.ca\/\">canadianhumantraffickinghotline.ca<\/a>.<\/em><\/p>\r\n<p>\r\n\r\n<\/p>\r\n<p>&nbsp;<\/p>\r\n\r\n\r\n","protected":false},"excerpt":{"rendered":"<p>La traite des personnes est souvent per\u00e7ue comme un probl\u00e8me qui touche d&rsquo;autres personnes, ailleurs. En r\u00e9alit\u00e9, c&rsquo;est un probl\u00e8me qui est plus proche de nous qu&rsquo;on ne le croit. [&hellip;]<\/p>\n","protected":false},"author":11,"featured_media":11825,"comment_status":"closed","ping_status":"closed","sticky":false,"template":"","format":"standard","meta":{"_acf_changed":false,"inline_featured_image":false,"footnotes":""},"categories":[137],"tags":[],"class_list":["post-11823","post","type-post","status-publish","format-standard","has-post-thumbnail","hentry","category-non-categorise"],"acf":[],"yoast_head":"<!-- This site is optimized with the Yoast SEO plugin v27.5 - https:\/\/yoast.com\/product\/yoast-seo-wordpress\/ -->\n<title>\u00ab Mais la traite des personnes, \u00e7a ne me concerne pas\u00a0\u00bb \u2013 Pourquoi c&#039;est faux - The Canadian Centre To End Human Trafficking<\/title>\n<meta name=\"robots\" content=\"index, follow, max-snippet:-1, max-image-preview:large, max-video-preview:-1\" \/>\n<link rel=\"canonical\" href=\"https:\/\/ccteht.ca\/fr\/but-trafficking-doesnt-affect-me-why-it-actually-does\/\" \/>\n<meta property=\"og:locale\" content=\"fr_FR\" \/>\n<meta property=\"og:type\" content=\"article\" \/>\n<meta property=\"og:title\" content=\"\u00ab Mais la traite des personnes, \u00e7a ne me concerne pas\u00a0\u00bb \u2013 Pourquoi c&#039;est faux - The Canadian Centre To End Human Trafficking\" \/>\n<meta property=\"og:description\" content=\"La traite des personnes est souvent per\u00e7ue comme un probl\u00e8me qui touche d&rsquo;autres personnes, ailleurs. En r\u00e9alit\u00e9, c&rsquo;est un probl\u00e8me qui est plus proche de nous qu&rsquo;on ne le croit. [&hellip;]\" \/>\n<meta property=\"og:url\" content=\"https:\/\/ccteht.ca\/fr\/but-trafficking-doesnt-affect-me-why-it-actually-does\/\" \/>\n<meta property=\"og:site_name\" content=\"The Canadian Centre To End Human Trafficking\" \/>\n<meta property=\"article:published_time\" content=\"2025-07-31T19:35:56+00:00\" \/>\n<meta property=\"article:modified_time\" content=\"2025-12-02T19:57:32+00:00\" \/>\n<meta property=\"og:image\" content=\"https:\/\/ccteht.ca\/wp-content\/uploads\/2025\/06\/but_trafficking_doesnt_affect_me_blank.jpg\" \/>\n\t<meta property=\"og:image:width\" content=\"1200\" \/>\n\t<meta property=\"og:image:height\" content=\"630\" \/>\n\t<meta property=\"og:image:type\" content=\"image\/jpeg\" \/>\n<meta name=\"author\" content=\"thecentre\" \/>\n<meta name=\"twitter:card\" content=\"summary_large_image\" \/>\n<meta name=\"twitter:label1\" content=\"\u00c9crit par\" \/>\n\t<meta name=\"twitter:data1\" content=\"thecentre\" \/>\n\t<meta name=\"twitter:label2\" content=\"Dur\u00e9e de lecture estim\u00e9e\" \/>\n\t<meta name=\"twitter:data2\" content=\"4 minutes\" \/>\n<script type=\"application\/ld+json\" class=\"yoast-schema-graph\">{\"@context\":\"https:\\\/\\\/schema.org\",\"@graph\":[{\"@type\":\"Article\",\"@id\":\"https:\\\/\\\/ccteht.ca\\\/fr\\\/but-trafficking-doesnt-affect-me-why-it-actually-does\\\/#article\",\"isPartOf\":{\"@id\":\"https:\\\/\\\/ccteht.ca\\\/fr\\\/but-trafficking-doesnt-affect-me-why-it-actually-does\\\/\"},\"author\":{\"name\":\"thecentre\",\"@id\":\"https:\\\/\\\/ccteht.ca\\\/fr\\\/#\\\/schema\\\/person\\\/a8a661396cf9954063666ed9eae549dd\"},\"headline\":\"\u00ab Mais la traite des personnes, \u00e7a ne me concerne pas\u00a0\u00bb \u2013 Pourquoi c&rsquo;est faux\",\"datePublished\":\"2025-07-31T19:35:56+00:00\",\"dateModified\":\"2025-12-02T19:57:32+00:00\",\"mainEntityOfPage\":{\"@id\":\"https:\\\/\\\/ccteht.ca\\\/fr\\\/but-trafficking-doesnt-affect-me-why-it-actually-does\\\/\"},\"wordCount\":930,\"image\":{\"@id\":\"https:\\\/\\\/ccteht.ca\\\/fr\\\/but-trafficking-doesnt-affect-me-why-it-actually-does\\\/#primaryimage\"},\"thumbnailUrl\":\"https:\\\/\\\/ccteht.ca\\\/wp-content\\\/uploads\\\/2025\\\/06\\\/but_trafficking_doesnt_affect_me_blank.jpg\",\"articleSection\":[\"Non cat\u00e9goris\u00e9\"],\"inLanguage\":\"fr-FR\"},{\"@type\":\"WebPage\",\"@id\":\"https:\\\/\\\/ccteht.ca\\\/fr\\\/but-trafficking-doesnt-affect-me-why-it-actually-does\\\/\",\"url\":\"https:\\\/\\\/ccteht.ca\\\/fr\\\/but-trafficking-doesnt-affect-me-why-it-actually-does\\\/\",\"name\":\"\u00ab Mais la traite des personnes, \u00e7a ne me concerne pas\u00a0\u00bb \u2013 Pourquoi c'est faux - The Canadian Centre To End Human Trafficking\",\"isPartOf\":{\"@id\":\"https:\\\/\\\/ccteht.ca\\\/fr\\\/#website\"},\"primaryImageOfPage\":{\"@id\":\"https:\\\/\\\/ccteht.ca\\\/fr\\\/but-trafficking-doesnt-affect-me-why-it-actually-does\\\/#primaryimage\"},\"image\":{\"@id\":\"https:\\\/\\\/ccteht.ca\\\/fr\\\/but-trafficking-doesnt-affect-me-why-it-actually-does\\\/#primaryimage\"},\"thumbnailUrl\":\"https:\\\/\\\/ccteht.ca\\\/wp-content\\\/uploads\\\/2025\\\/06\\\/but_trafficking_doesnt_affect_me_blank.jpg\",\"datePublished\":\"2025-07-31T19:35:56+00:00\",\"dateModified\":\"2025-12-02T19:57:32+00:00\",\"author\":{\"@id\":\"https:\\\/\\\/ccteht.ca\\\/fr\\\/#\\\/schema\\\/person\\\/a8a661396cf9954063666ed9eae549dd\"},\"breadcrumb\":{\"@id\":\"https:\\\/\\\/ccteht.ca\\\/fr\\\/but-trafficking-doesnt-affect-me-why-it-actually-does\\\/#breadcrumb\"},\"inLanguage\":\"fr-FR\",\"potentialAction\":[{\"@type\":\"ReadAction\",\"target\":[\"https:\\\/\\\/ccteht.ca\\\/fr\\\/but-trafficking-doesnt-affect-me-why-it-actually-does\\\/\"]}]},{\"@type\":\"ImageObject\",\"inLanguage\":\"fr-FR\",\"@id\":\"https:\\\/\\\/ccteht.ca\\\/fr\\\/but-trafficking-doesnt-affect-me-why-it-actually-does\\\/#primaryimage\",\"url\":\"https:\\\/\\\/ccteht.ca\\\/wp-content\\\/uploads\\\/2025\\\/06\\\/but_trafficking_doesnt_affect_me_blank.jpg\",\"contentUrl\":\"https:\\\/\\\/ccteht.ca\\\/wp-content\\\/uploads\\\/2025\\\/06\\\/but_trafficking_doesnt_affect_me_blank.jpg\",\"width\":1200,\"height\":630,\"caption\":\"Une personne v\u00eatue d'un haut sans manches vert clair et d'un pantalon blanc tient un cerceau \u00e0 broder et se tient debout devant une table sur laquelle se trouvent du fil, de la corde et du mat\u00e9riel de macram\u00e9. Seuls le torse et les bras de la personne sont visibles.\"},{\"@type\":\"BreadcrumbList\",\"@id\":\"https:\\\/\\\/ccteht.ca\\\/fr\\\/but-trafficking-doesnt-affect-me-why-it-actually-does\\\/#breadcrumb\",\"itemListElement\":[{\"@type\":\"ListItem\",\"position\":1,\"name\":\"Home\",\"item\":\"https:\\\/\\\/ccteht.ca\\\/fr\\\/\"},{\"@type\":\"ListItem\",\"position\":2,\"name\":\"\u00ab Mais la traite des personnes, \u00e7a ne me concerne pas\u00a0\u00bb \u2013 Pourquoi c&#8217;est faux\"}]},{\"@type\":\"WebSite\",\"@id\":\"https:\\\/\\\/ccteht.ca\\\/fr\\\/#website\",\"url\":\"https:\\\/\\\/ccteht.ca\\\/fr\\\/\",\"name\":\"The Canadian Centre To End Human Trafficking\",\"description\":\"\",\"potentialAction\":[{\"@type\":\"SearchAction\",\"target\":{\"@type\":\"EntryPoint\",\"urlTemplate\":\"https:\\\/\\\/ccteht.ca\\\/fr\\\/?s={search_term_string}\"},\"query-input\":{\"@type\":\"PropertyValueSpecification\",\"valueRequired\":true,\"valueName\":\"search_term_string\"}}],\"inLanguage\":\"fr-FR\"},{\"@type\":\"Person\",\"@id\":\"https:\\\/\\\/ccteht.ca\\\/fr\\\/#\\\/schema\\\/person\\\/a8a661396cf9954063666ed9eae549dd\",\"name\":\"thecentre\",\"image\":{\"@type\":\"ImageObject\",\"inLanguage\":\"fr-FR\",\"@id\":\"https:\\\/\\\/secure.gravatar.com\\\/avatar\\\/91a99bfeb4245e63bed69f37f36bf24b087c3019cfad86da4d9d4dd3d8e4d9c2?s=96&d=mm&r=g\",\"url\":\"https:\\\/\\\/secure.gravatar.com\\\/avatar\\\/91a99bfeb4245e63bed69f37f36bf24b087c3019cfad86da4d9d4dd3d8e4d9c2?s=96&d=mm&r=g\",\"contentUrl\":\"https:\\\/\\\/secure.gravatar.com\\\/avatar\\\/91a99bfeb4245e63bed69f37f36bf24b087c3019cfad86da4d9d4dd3d8e4d9c2?s=96&d=mm&r=g\",\"caption\":\"thecentre\"},\"url\":\"https:\\\/\\\/ccteht.ca\\\/fr\\\/author\\\/thecentre\\\/\"}]}<\/script>\n<!-- \/ Yoast SEO plugin. -->","yoast_head_json":{"title":"\u00ab Mais la traite des personnes, \u00e7a ne me concerne pas\u00a0\u00bb \u2013 Pourquoi c'est faux - The Canadian Centre To End Human Trafficking","robots":{"index":"index","follow":"follow","max-snippet":"max-snippet:-1","max-image-preview":"max-image-preview:large","max-video-preview":"max-video-preview:-1"},"canonical":"https:\/\/ccteht.ca\/fr\/but-trafficking-doesnt-affect-me-why-it-actually-does\/","og_locale":"fr_FR","og_type":"article","og_title":"\u00ab Mais la traite des personnes, \u00e7a ne me concerne pas\u00a0\u00bb \u2013 Pourquoi c'est faux - The Canadian Centre To End Human Trafficking","og_description":"La traite des personnes est souvent per\u00e7ue comme un probl\u00e8me qui touche d&rsquo;autres personnes, ailleurs. En r\u00e9alit\u00e9, c&rsquo;est un probl\u00e8me qui est plus proche de nous qu&rsquo;on ne le croit. [&hellip;]","og_url":"https:\/\/ccteht.ca\/fr\/but-trafficking-doesnt-affect-me-why-it-actually-does\/","og_site_name":"The Canadian Centre To End Human Trafficking","article_published_time":"2025-07-31T19:35:56+00:00","article_modified_time":"2025-12-02T19:57:32+00:00","og_image":[{"width":1200,"height":630,"url":"https:\/\/ccteht.ca\/wp-content\/uploads\/2025\/06\/but_trafficking_doesnt_affect_me_blank.jpg","type":"image\/jpeg"}],"author":"thecentre","twitter_card":"summary_large_image","twitter_misc":{"\u00c9crit par":"thecentre","Dur\u00e9e de lecture estim\u00e9e":"4 minutes"},"schema":{"@context":"https:\/\/schema.org","@graph":[{"@type":"Article","@id":"https:\/\/ccteht.ca\/fr\/but-trafficking-doesnt-affect-me-why-it-actually-does\/#article","isPartOf":{"@id":"https:\/\/ccteht.ca\/fr\/but-trafficking-doesnt-affect-me-why-it-actually-does\/"},"author":{"name":"thecentre","@id":"https:\/\/ccteht.ca\/fr\/#\/schema\/person\/a8a661396cf9954063666ed9eae549dd"},"headline":"\u00ab Mais la traite des personnes, \u00e7a ne me concerne pas\u00a0\u00bb \u2013 Pourquoi c&rsquo;est faux","datePublished":"2025-07-31T19:35:56+00:00","dateModified":"2025-12-02T19:57:32+00:00","mainEntityOfPage":{"@id":"https:\/\/ccteht.ca\/fr\/but-trafficking-doesnt-affect-me-why-it-actually-does\/"},"wordCount":930,"image":{"@id":"https:\/\/ccteht.ca\/fr\/but-trafficking-doesnt-affect-me-why-it-actually-does\/#primaryimage"},"thumbnailUrl":"https:\/\/ccteht.ca\/wp-content\/uploads\/2025\/06\/but_trafficking_doesnt_affect_me_blank.jpg","articleSection":["Non cat\u00e9goris\u00e9"],"inLanguage":"fr-FR"},{"@type":"WebPage","@id":"https:\/\/ccteht.ca\/fr\/but-trafficking-doesnt-affect-me-why-it-actually-does\/","url":"https:\/\/ccteht.ca\/fr\/but-trafficking-doesnt-affect-me-why-it-actually-does\/","name":"\u00ab Mais la traite des personnes, \u00e7a ne me concerne pas\u00a0\u00bb \u2013 Pourquoi c'est faux - The Canadian Centre To End Human Trafficking","isPartOf":{"@id":"https:\/\/ccteht.ca\/fr\/#website"},"primaryImageOfPage":{"@id":"https:\/\/ccteht.ca\/fr\/but-trafficking-doesnt-affect-me-why-it-actually-does\/#primaryimage"},"image":{"@id":"https:\/\/ccteht.ca\/fr\/but-trafficking-doesnt-affect-me-why-it-actually-does\/#primaryimage"},"thumbnailUrl":"https:\/\/ccteht.ca\/wp-content\/uploads\/2025\/06\/but_trafficking_doesnt_affect_me_blank.jpg","datePublished":"2025-07-31T19:35:56+00:00","dateModified":"2025-12-02T19:57:32+00:00","author":{"@id":"https:\/\/ccteht.ca\/fr\/#\/schema\/person\/a8a661396cf9954063666ed9eae549dd"},"breadcrumb":{"@id":"https:\/\/ccteht.ca\/fr\/but-trafficking-doesnt-affect-me-why-it-actually-does\/#breadcrumb"},"inLanguage":"fr-FR","potentialAction":[{"@type":"ReadAction","target":["https:\/\/ccteht.ca\/fr\/but-trafficking-doesnt-affect-me-why-it-actually-does\/"]}]},{"@type":"ImageObject","inLanguage":"fr-FR","@id":"https:\/\/ccteht.ca\/fr\/but-trafficking-doesnt-affect-me-why-it-actually-does\/#primaryimage","url":"https:\/\/ccteht.ca\/wp-content\/uploads\/2025\/06\/but_trafficking_doesnt_affect_me_blank.jpg","contentUrl":"https:\/\/ccteht.ca\/wp-content\/uploads\/2025\/06\/but_trafficking_doesnt_affect_me_blank.jpg","width":1200,"height":630,"caption":"Une personne v\u00eatue d'un haut sans manches vert clair et d'un pantalon blanc tient un cerceau \u00e0 broder et se tient debout devant une table sur laquelle se trouvent du fil, de la corde et du mat\u00e9riel de macram\u00e9. Seuls le torse et les bras de la personne sont visibles."},{"@type":"BreadcrumbList","@id":"https:\/\/ccteht.ca\/fr\/but-trafficking-doesnt-affect-me-why-it-actually-does\/#breadcrumb","itemListElement":[{"@type":"ListItem","position":1,"name":"Home","item":"https:\/\/ccteht.ca\/fr\/"},{"@type":"ListItem","position":2,"name":"\u00ab Mais la traite des personnes, \u00e7a ne me concerne pas\u00a0\u00bb \u2013 Pourquoi c&#8217;est faux"}]},{"@type":"WebSite","@id":"https:\/\/ccteht.ca\/fr\/#website","url":"https:\/\/ccteht.ca\/fr\/","name":"The Canadian Centre To End Human Trafficking","description":"","potentialAction":[{"@type":"SearchAction","target":{"@type":"EntryPoint","urlTemplate":"https:\/\/ccteht.ca\/fr\/?s={search_term_string}"},"query-input":{"@type":"PropertyValueSpecification","valueRequired":true,"valueName":"search_term_string"}}],"inLanguage":"fr-FR"},{"@type":"Person","@id":"https:\/\/ccteht.ca\/fr\/#\/schema\/person\/a8a661396cf9954063666ed9eae549dd","name":"thecentre","image":{"@type":"ImageObject","inLanguage":"fr-FR","@id":"https:\/\/secure.gravatar.com\/avatar\/91a99bfeb4245e63bed69f37f36bf24b087c3019cfad86da4d9d4dd3d8e4d9c2?s=96&d=mm&r=g","url":"https:\/\/secure.gravatar.com\/avatar\/91a99bfeb4245e63bed69f37f36bf24b087c3019cfad86da4d9d4dd3d8e4d9c2?s=96&d=mm&r=g","contentUrl":"https:\/\/secure.gravatar.com\/avatar\/91a99bfeb4245e63bed69f37f36bf24b087c3019cfad86da4d9d4dd3d8e4d9c2?s=96&d=mm&r=g","caption":"thecentre"},"url":"https:\/\/ccteht.ca\/fr\/author\/thecentre\/"}]}},"_links":{"self":[{"href":"https:\/\/ccteht.ca\/fr\/wp-json\/wp\/v2\/posts\/11823","targetHints":{"allow":["GET"]}}],"collection":[{"href":"https:\/\/ccteht.ca\/fr\/wp-json\/wp\/v2\/posts"}],"about":[{"href":"https:\/\/ccteht.ca\/fr\/wp-json\/wp\/v2\/types\/post"}],"author":[{"embeddable":true,"href":"https:\/\/ccteht.ca\/fr\/wp-json\/wp\/v2\/users\/11"}],"replies":[{"embeddable":true,"href":"https:\/\/ccteht.ca\/fr\/wp-json\/wp\/v2\/comments?post=11823"}],"version-history":[{"count":3,"href":"https:\/\/ccteht.ca\/fr\/wp-json\/wp\/v2\/posts\/11823\/revisions"}],"predecessor-version":[{"id":11832,"href":"https:\/\/ccteht.ca\/fr\/wp-json\/wp\/v2\/posts\/11823\/revisions\/11832"}],"wp:featuredmedia":[{"embeddable":true,"href":"https:\/\/ccteht.ca\/fr\/wp-json\/wp\/v2\/media\/11825"}],"wp:attachment":[{"href":"https:\/\/ccteht.ca\/fr\/wp-json\/wp\/v2\/media?parent=11823"}],"wp:term":[{"taxonomy":"category","embeddable":true,"href":"https:\/\/ccteht.ca\/fr\/wp-json\/wp\/v2\/categories?post=11823"},{"taxonomy":"post_tag","embeddable":true,"href":"https:\/\/ccteht.ca\/fr\/wp-json\/wp\/v2\/tags?post=11823"}],"curies":[{"name":"wp","href":"https:\/\/api.w.org\/{rel}","templated":true}]}}